{"id":612,"date":"2010-09-10T14:56:11","date_gmt":"2010-09-10T12:56:11","guid":{"rendered":"http:\/\/blogarchitettura.dparch.it\/?p=612"},"modified":"2010-09-10T14:59:05","modified_gmt":"2010-09-10T12:59:05","slug":"parasite","status":"publish","type":"post","link":"http:\/\/blogarchitettura.dparch.it\/?p=612","title":{"rendered":"parasite"},"content":{"rendered":"\n<!-- Speed Sense for AdSense WordPress Plugin: https:\/\/wordpress.org\/plugins\/speed-sense\/ -->\n<div id=\"ssp0\" style=\"float:left;margin:10px 10px 10px 0;max-width:970px;width:100%;\">\n<ins class=\"adsbygoogle\" id=\"adsgoogle0\" style=\"display: inline-block; width: 100%; height: 250px\"  data-ad-client=\"ca-pub-5311171795163604\" data-ad-slot=\"7315085349\"><\/ins><script>(adsbygoogle = window.adsbygoogle || []).push({});<\/script>\n<\/div>\n<p><img decoding=\"async\" loading=\"lazy\" class=\"alignnone size-full wp-image-613\" src=\"http:\/\/blogarchitettura.dparch.it\/wp-content\/uploads\/2010\/09\/parasite1.jpg\" alt=\"parasite1\" width=\"550\" height=\"373\" srcset=\"http:\/\/blogarchitettura.dparch.it\/wp-content\/uploads\/2010\/09\/parasite1.jpg 550w, http:\/\/blogarchitettura.dparch.it\/wp-content\/uploads\/2010\/09\/parasite1-300x203.jpg 300w\" sizes=\"(max-width: 550px) 100vw, 550px\" \/><\/p>\n<h6>photo by fede<\/h6>\n<p><img decoding=\"async\" loading=\"lazy\" class=\"alignnone size-full wp-image-614\" src=\"..\/wp-content\/uploads\/2010\/09\/parasite2.jpg\" alt=\"parasite2\" width=\"550\" height=\"413\" srcset=\"http:\/\/blogarchitettura.dparch.it\/wp-content\/uploads\/2010\/09\/parasite2.jpg 550w, http:\/\/blogarchitettura.dparch.it\/wp-content\/uploads\/2010\/09\/parasite2-300x225.jpg 300w\" sizes=\"(max-width: 550px) 100vw, 550px\" \/><\/p>\n<h6>photo by fede<\/h6>\n<p>Il tempo dell\u2019attesa di un\u2019architettura temporanea. Quando, interrotti  quei legami parassitari che ne alimentano l\u2019uso e il senso, un\u2019edificio  si pu\u00f2 rimuovere e accantonare proprio come una scatola di scarpe al  cambio di stagione. Interferenze-trasformazioni-sovrapposizioni sono ancora, in questa fase, i termini di  relazione con l\u2019esistente?<\/p>\n<p><img decoding=\"async\" loading=\"lazy\" class=\"alignnone size-full wp-image-615\" src=\"http:\/\/blogarchitettura.dparch.it\/wp-content\/uploads\/2010\/09\/parasite3.jpg\" alt=\"parasite3\" width=\"550\" height=\"413\" srcset=\"http:\/\/blogarchitettura.dparch.it\/wp-content\/uploads\/2010\/09\/parasite3.jpg 550w, http:\/\/blogarchitettura.dparch.it\/wp-content\/uploads\/2010\/09\/parasite3-300x225.jpg 300w\" sizes=\"(max-width: 550px) 100vw, 550px\" \/><\/p>\n<p><a href=\"http:\/\/www.kortekniestuhlmacher.nl\/laspalmas.html#laspalmas\" target=\"_blank\"><strong>LP2  Parasite Las Palmas<\/strong> <\/a>(2001) poggiava sul vano ascensore del tetto di un  ex edificio industriale a Rotterdam, Las Palmas -oggi sede del  Nederlands Fotomuseum- sfruttandone energia e impianti. Nato come oggetto temporaneo e costruito in otto settimane, \u00e8 stato poi smantellato nel 2005.<\/p>\n<p><img decoding=\"async\" loading=\"lazy\" class=\"alignnone size-full wp-image-616\" src=\"http:\/\/blogarchitettura.dparch.it\/wp-content\/uploads\/2010\/09\/parasite4.jpg\" alt=\"parasite4\" width=\"550\" height=\"413\" srcset=\"http:\/\/blogarchitettura.dparch.it\/wp-content\/uploads\/2010\/09\/parasite4.jpg 550w, http:\/\/blogarchitettura.dparch.it\/wp-content\/uploads\/2010\/09\/parasite4-300x225.jpg 300w\" sizes=\"(max-width: 550px) 100vw, 550px\" \/><\/p>\n<h6>photo by fede<\/h6>\n<h6><img decoding=\"async\" loading=\"lazy\" class=\"alignnone size-full wp-image-617\" src=\"http:\/\/blogarchitettura.dparch.it\/wp-content\/uploads\/2010\/09\/parasite5.jpg\" alt=\"parasite5\" width=\"550\" height=\"381\" srcset=\"http:\/\/blogarchitettura.dparch.it\/wp-content\/uploads\/2010\/09\/parasite5.jpg 550w, http:\/\/blogarchitettura.dparch.it\/wp-content\/uploads\/2010\/09\/parasite5-300x207.jpg 300w\" sizes=\"(max-width: 550px) 100vw, 550px\" \/><\/h6>\n<h6>photo by fede<\/h6>\n<p>Alcuni vigilantes ci hanno detto che \u00e8 depositato l\u00ec da quattro anni circa e che  prima o poi far\u00e0 parte del programma culturale di riqualificazione  dell\u2019Heijplaat, un tempo propriet\u00e0 della Rotterdamsche Droogdok  Maatschappij. Forse diventer\u00e0 uno spazio per gli studenti dell\u2019RDM  Campus. In attesa di tempi migliori, Parasite resta appoggiato in  quest\u2019angolo del porto, manifesto un p\u00f2 scolorito della <em>parasite  architecture<\/em>.<\/p>\n","protected":false},"excerpt":{"rendered":"<p>photo by fede photo by fede Il tempo dell\u2019attesa di un\u2019architettura temporanea. Quando, interrotti quei legami parassitari che ne alimentano l\u2019uso e il senso, un\u2019edificio si pu\u00f2 rimuovere e accantonare proprio come una scatola di scarpe al cambio di stagione. Interferenze-trasformazioni-sovrapposizioni sono ancora, in questa fase, i termini di relazione con l\u2019esistente? LP2 Parasite Las [&hellip;]<\/p>\n","protected":false},"author":2,"featured_media":0,"comment_status":"open","ping_status":"open","sticky":false,"template":"","format":"standard","meta":[],"categories":[8],"tags":[88,25,72],"_links":{"self":[{"href":"http:\/\/blogarchitettura.dparch.it\/index.php?rest_route=\/wp\/v2\/posts\/612"}],"collection":[{"href":"http:\/\/blogarchitettura.dparch.it\/index.php?rest_route=\/wp\/v2\/posts"}],"about":[{"href":"http:\/\/blogarchitettura.dparch.it\/index.php?rest_route=\/wp\/v2\/types\/post"}],"author":[{"embeddable":true,"href":"http:\/\/blogarchitettura.dparch.it\/index.php?rest_route=\/wp\/v2\/users\/2"}],"replies":[{"embeddable":true,"href":"http:\/\/blogarchitettura.dparch.it\/index.php?rest_route=%2Fwp%2Fv2%2Fcomments&post=612"}],"version-history":[{"count":2,"href":"http:\/\/blogarchitettura.dparch.it\/index.php?rest_route=\/wp\/v2\/posts\/612\/revisions"}],"predecessor-version":[{"id":627,"href":"http:\/\/blogarchitettura.dparch.it\/index.php?rest_route=\/wp\/v2\/posts\/612\/revisions\/627"}],"wp:attachment":[{"href":"http:\/\/blogarchitettura.dparch.it\/index.php?rest_route=%2Fwp%2Fv2%2Fmedia&parent=612"}],"wp:term":[{"taxonomy":"category","embeddable":true,"href":"http:\/\/blogarchitettura.dparch.it\/index.php?rest_route=%2Fwp%2Fv2%2Fcategories&post=612"},{"taxonomy":"post_tag","embeddable":true,"href":"http:\/\/blogarchitettura.dparch.it\/index.php?rest_route=%2Fwp%2Fv2%2Ftags&post=612"}],"curies":[{"name":"wp","href":"https:\/\/api.w.org\/{rel}","templated":true}]}}