{"id":406,"date":"2010-02-09T08:00:47","date_gmt":"2010-02-09T06:00:47","guid":{"rendered":"http:\/\/blogarchitettura.dparch.it\/?p=406"},"modified":"2010-02-09T11:41:26","modified_gmt":"2010-02-09T09:41:26","slug":"406","status":"publish","type":"post","link":"http:\/\/blogarchitettura.dparch.it\/?p=406","title":{"rendered":"magari le cose cambiano"},"content":{"rendered":"\n<!-- Speed Sense for AdSense WordPress Plugin: https:\/\/wordpress.org\/plugins\/speed-sense\/ -->\n<div id=\"ssp0\" style=\"float:left;margin:10px 10px 10px 0;max-width:970px;width:100%;\">\n<ins class=\"adsbygoogle\" id=\"adsgoogle0\" style=\"display: inline-block; width: 100%; height: 250px\"  data-ad-client=\"ca-pub-5311171795163604\" data-ad-slot=\"7315085349\"><\/ins><script>(adsbygoogle = window.adsbygoogle || []).push({});<\/script>\n<\/div>\n<p><object classid=\"clsid:d27cdb6e-ae6d-11cf-96b8-444553540000\" width=\"425\" height=\"344\" codebase=\"http:\/\/download.macromedia.com\/pub\/shockwave\/cabs\/flash\/swflash.cab#version=6,0,40,0\"><param name=\"allowFullScreen\" value=\"true\" \/><param name=\"allowscriptaccess\" value=\"always\" \/><param name=\"src\" value=\"http:\/\/www.youtube.com\/v\/ZLJ5H6iCAvA&amp;hl=it_IT&amp;fs=1&amp;rel=0&amp;color1=0x3a3a3a&amp;color2=0x999999\" \/><param name=\"allowfullscreen\" value=\"true\" \/><embed type=\"application\/x-shockwave-flash\" width=\"425\" height=\"344\" src=\"http:\/\/www.youtube.com\/v\/ZLJ5H6iCAvA&amp;hl=it_IT&amp;fs=1&amp;rel=0&amp;color1=0x3a3a3a&amp;color2=0x999999\" allowscriptaccess=\"always\" allowfullscreen=\"true\"><\/embed><\/object><\/p>\n<p>Venerdi 5 Febbraio all&#8217;Angelo Mai di Roma si \u00e8 svolta la presentazione del documentario di Segre sul quartiere romano di Ponte di Nona. Secondo il nuovo Piano Regolatore approvato in via definitiva nel 2008, doveva essere una delle diciotto centralit\u00e0, fulcro della nuova strategia urbanistica di Roma. Purtroppo per\u00f2 l&#8217;idea di citt\u00e0 satellite con servizi pubblici e privati direttamente collegata con il centro e con il resto della citt\u00e0, sotto la pressione di costruttori e successive varianti al progetto originario, si \u00e8 trasformata in una realt\u00e0 di frontiera e distante, dove convivono con reciproca indifferenza italiani e immigrati. Emblematiche le immagini degli edifici colorati che in un triste e illusorio tentativo cercano di simulare una sorta di qualit\u00e0 urbana molto lontana dalla realt\u00e0.<br \/>\nPer chi volesse vedere il documentario sono in programma varie proiezioni a Roma nei prossimi giorni controllate il <a href=\"http:\/\/magarilecosecambiano.blogspot.com\/\" target=\"_blank\">blog<\/a> del film per ulteriori informazioni.<\/p>\n","protected":false},"excerpt":{"rendered":"<p>Venerdi 5 Febbraio all&#8217;Angelo Mai di Roma si \u00e8 svolta la presentazione del documentario di Segre sul quartiere romano di Ponte di Nona. Secondo il nuovo Piano Regolatore approvato in via definitiva nel 2008, doveva essere una delle diciotto centralit\u00e0, fulcro della nuova strategia urbanistica di Roma. Purtroppo per\u00f2 l&#8217;idea di citt\u00e0 satellite con servizi [&hellip;]<\/p>\n","protected":false},"author":1,"featured_media":0,"comment_status":"open","ping_status":"open","sticky":false,"template":"","format":"standard","meta":[],"categories":[16],"tags":[64,63,62],"_links":{"self":[{"href":"http:\/\/blogarchitettura.dparch.it\/index.php?rest_route=\/wp\/v2\/posts\/406"}],"collection":[{"href":"http:\/\/blogarchitettura.dparch.it\/index.php?rest_route=\/wp\/v2\/posts"}],"about":[{"href":"http:\/\/blogarchitettura.dparch.it\/index.php?rest_route=\/wp\/v2\/types\/post"}],"author":[{"embeddable":true,"href":"http:\/\/blogarchitettura.dparch.it\/index.php?rest_route=\/wp\/v2\/users\/1"}],"replies":[{"embeddable":true,"href":"http:\/\/blogarchitettura.dparch.it\/index.php?rest_route=%2Fwp%2Fv2%2Fcomments&post=406"}],"version-history":[{"count":3,"href":"http:\/\/blogarchitettura.dparch.it\/index.php?rest_route=\/wp\/v2\/posts\/406\/revisions"}],"predecessor-version":[{"id":408,"href":"http:\/\/blogarchitettura.dparch.it\/index.php?rest_route=\/wp\/v2\/posts\/406\/revisions\/408"}],"wp:attachment":[{"href":"http:\/\/blogarchitettura.dparch.it\/index.php?rest_route=%2Fwp%2Fv2%2Fmedia&parent=406"}],"wp:term":[{"taxonomy":"category","embeddable":true,"href":"http:\/\/blogarchitettura.dparch.it\/index.php?rest_route=%2Fwp%2Fv2%2Fcategories&post=406"},{"taxonomy":"post_tag","embeddable":true,"href":"http:\/\/blogarchitettura.dparch.it\/index.php?rest_route=%2Fwp%2Fv2%2Ftags&post=406"}],"curies":[{"name":"wp","href":"https:\/\/api.w.org\/{rel}","templated":true}]}}