{"id":356,"date":"2010-01-28T12:55:24","date_gmt":"2010-01-28T10:55:24","guid":{"rendered":"http:\/\/blogarchitettura.dparch.it\/?p=356"},"modified":"2012-04-27T00:21:08","modified_gmt":"2012-04-26T22:21:08","slug":"%c2%bfque-pasa","status":"publish","type":"post","link":"http:\/\/blogarchitettura.dparch.it\/?p=356","title":{"rendered":"\u00bfQue Pasa?"},"content":{"rendered":"\n<!-- Speed Sense for AdSense WordPress Plugin: https:\/\/wordpress.org\/plugins\/speed-sense\/ -->\n<div id=\"ssp0\" style=\"float:left;margin:10px 10px 10px 0;max-width:970px;width:100%;\">\n<ins class=\"adsbygoogle\" id=\"adsgoogle0\" style=\"display: inline-block; width: 100%; height: 250px\"  data-ad-client=\"ca-pub-5311171795163604\" data-ad-slot=\"7315085349\"><\/ins><script>(adsbygoogle = window.adsbygoogle || []).push({});<\/script>\n<\/div>\n<p>Un progetto che lavora con l\u2019arte e la memoria per anticipare trasformazioni urbane e sociali. Un\u2019 installazione per riflettere sui cambiamenti e sull\u2019abuso di energia. Una domanda sempre aperta.<\/p>\n<p><img decoding=\"async\" loading=\"lazy\" class=\"size-full wp-image-357 alignnone\" src=\"http:\/\/blogarchitettura.dparch.it\/wp-content\/uploads\/2010\/01\/moravia1.jpg\" alt=\"moravia\" width=\"550\" height=\"159\" srcset=\"http:\/\/blogarchitettura.dparch.it\/wp-content\/uploads\/2010\/01\/moravia1.jpg 400w, http:\/\/blogarchitettura.dparch.it\/wp-content\/uploads\/2010\/01\/moravia1-300x87.jpg 300w\" sizes=\"(max-width: 550px) 100vw, 550px\" \/><\/p>\n<p>Moravia \u00e8 il quartiere della periferia di Medellin sorto sulla discarica. Settemila viviendas arrampicate sulla collina, mattoni, legno, cartone, accumulati a partire dagli anni sessanta. Tra gli anni ottanta e novanta, quando la citt\u00e0 deteneva il triste primato di capitale del narcotraffico tra le pi\u00f9 violente e pericolose del mondo, Moravia era una delle aree urbane pi\u00f9 difficili, dove ai gravi problemi sociali e igienico-sanitari si sommavano quelli legati alla criminalit\u00e0 e all\u2019ordine pubblico. La rinascita di Medellin fondata sulla cultura, l\u2019educazione, la riqualificazione delle situazioni di degrado trainata dal sindaco Fajardo, negli ultimi cinque anni ha prodotto risultati anche in questo quartiere, provando a offrire alternative alla povert\u00e0 e all\u2019emarginazione. Metrocable, il sistema di trasporto realizzato con tecnologia colombiana, ha dato accessibilit\u00e0 all\u2019area, rendendola parte del tessuto urbano e il<em> Macroproyecto de Moravia<\/em> \u00e8 stato sviluppato dall\u2019amministrazione con l\u2019obiettivo di promuovere lo sviluppo sostenibile con azioni di riqualificazione urbana e di miglioramento delle condizioni ambientali, socioculturali e socioeconomiche. A questo scopo il macroprogetto lavora su componenti sia fisiche che sociali come lo spazio pubblico, l\u2019igiene, le abitazioni, l\u2019istruzione. Segno del cambiamento \u00e8 anche il <em>Centro de Desarrollo Cultural de Moravia (CDCM)<\/em>, voluto dalla comunit\u00e0 e progettato dall\u2019architetto colombiano <strong>Rogelio Salmona<\/strong> come spazio per la cultura e l\u2019educazione, la musica, l\u2019arte, il cinema, il teatro.<br \/>\n<em>\u201cLo que importa es que la cultura sea realmente cultivada\u201d<\/em>.<br \/>\nIl macroprogetto ha portato anche alla demolizione di parte delle baracche e al trasferimento degli abitanti in alloggi nuovi, avviando un tentativo di regolarizzazione dell\u2019uso e dell\u2019occupazione del suolo. Il <a href=\"http:\/\/www.medellin.gov.co\/alcaldia\/jsp\/modulos\/I_gestion\/moravialogros.jsp\" target=\"_blank\"><strong>CDCM<\/strong><\/a> ha promosso l\u2019iniziativa di riqualificare gli spazi cos\u00ec recuperati con interventi artistici sui muri lasciati vuoti dallo smantellamento delle baracche. Il primo ad essere realizzato \u00e8 un progetto di demolizione e ricostruzione, secondo la logica di autocostruzione continua del barrio, che ha coinvolto direttamente la comunit\u00e0 a scrivere \u201c\u00bfQue Pasa?\u201d con led alimentati da pannelli solari. Con il buio la frase si accende. L\u2019energia solare accumulata durante il giorno la fa illuminare per otto-nove ore. L\u2019immagine ricorda le luci delle case che si accendevano tutti i giorni sullo stesso muro e richiama, in una corrispondenza assolutamente non calcolata, il paesaggio della citt\u00e0. <strong>\u00bfQue Pasa?<\/strong> \u00e8 un\u2019installazione artistica pubblica permanente dell\u2019artista <a href=\"http:\/\/katiameneghini.com\/\" target=\"_blank\"><strong>Katia Meneghini<\/strong><\/a>, progetto curato da Alejandro V\u00e1squez e supportato dal Centro de Desarrollo Cultural de Moravia in collaborazione con Cittadelarte-Fondazione Pistoletto e Festival della Creativit\u00e0 di Firenze. La frase crea ogni giorno un luogo di aggregazione, uno spazio di meditazione per chi vive ed \u00e8 parte del cambiamento. Un modo per dare alla comunit\u00e0 maggiore consapevolezza e responsabilit\u00e0 nelle trasformazioni sociali e rafforzare la memoria culturale del barrio e gli spazi per l\u2019organizzazione comunitaria, sempre troppo fragili in periferie e baraccopoli.<\/p>\n<div class=\"mceTemp\">\n<dl>\n<dt><img decoding=\"async\" loading=\"lazy\" class=\"size-full wp-image-358\" src=\"http:\/\/blogarchitettura.dparch.it\/wp-content\/uploads\/2010\/01\/que-pasa-by-katia-meneghini-1.jpg\" alt=\"que pasa by katia meneghini \" width=\"550\" height=\"367\" srcset=\"http:\/\/blogarchitettura.dparch.it\/wp-content\/uploads\/2010\/01\/que-pasa-by-katia-meneghini-1.jpg 400w, http:\/\/blogarchitettura.dparch.it\/wp-content\/uploads\/2010\/01\/que-pasa-by-katia-meneghini-1-300x200.jpg 300w\" sizes=\"(max-width: 550px) 100vw, 550px\" \/><\/dt>\n<dd>que pasa by katia meneghini <\/dd>\n<\/dl>\n<\/div>\n<p><img decoding=\"async\" loading=\"lazy\" class=\"size-full wp-image-359 alignnone\" src=\"http:\/\/blogarchitettura.dparch.it\/wp-content\/uploads\/2010\/01\/que-pasa-by-katia-meneghini-2.jpg\" alt=\"\" width=\"550\" height=\"366\" srcset=\"http:\/\/blogarchitettura.dparch.it\/wp-content\/uploads\/2010\/01\/que-pasa-by-katia-meneghini-2.jpg 400w, http:\/\/blogarchitettura.dparch.it\/wp-content\/uploads\/2010\/01\/que-pasa-by-katia-meneghini-2-300x200.jpg 300w\" sizes=\"(max-width: 550px) 100vw, 550px\" \/><\/p>\n<p>que pasa by katia meneghini<\/p>\n","protected":false},"excerpt":{"rendered":"<p>Un progetto che lavora con l\u2019arte e la memoria per anticipare trasformazioni urbane e sociali. Un\u2019 installazione per riflettere sui cambiamenti e sull\u2019abuso di energia. Una domanda sempre aperta. Moravia \u00e8 il quartiere della periferia di Medellin sorto sulla discarica. Settemila viviendas arrampicate sulla collina, mattoni, legno, cartone, accumulati a partire dagli anni sessanta. Tra [&hellip;]<\/p>\n","protected":false},"author":2,"featured_media":0,"comment_status":"open","ping_status":"open","sticky":false,"template":"","format":"standard","meta":[],"categories":[16],"tags":[58,56,59,57],"_links":{"self":[{"href":"http:\/\/blogarchitettura.dparch.it\/index.php?rest_route=\/wp\/v2\/posts\/356"}],"collection":[{"href":"http:\/\/blogarchitettura.dparch.it\/index.php?rest_route=\/wp\/v2\/posts"}],"about":[{"href":"http:\/\/blogarchitettura.dparch.it\/index.php?rest_route=\/wp\/v2\/types\/post"}],"author":[{"embeddable":true,"href":"http:\/\/blogarchitettura.dparch.it\/index.php?rest_route=\/wp\/v2\/users\/2"}],"replies":[{"embeddable":true,"href":"http:\/\/blogarchitettura.dparch.it\/index.php?rest_route=%2Fwp%2Fv2%2Fcomments&post=356"}],"version-history":[{"count":3,"href":"http:\/\/blogarchitettura.dparch.it\/index.php?rest_route=\/wp\/v2\/posts\/356\/revisions"}],"predecessor-version":[{"id":977,"href":"http:\/\/blogarchitettura.dparch.it\/index.php?rest_route=\/wp\/v2\/posts\/356\/revisions\/977"}],"wp:attachment":[{"href":"http:\/\/blogarchitettura.dparch.it\/index.php?rest_route=%2Fwp%2Fv2%2Fmedia&parent=356"}],"wp:term":[{"taxonomy":"category","embeddable":true,"href":"http:\/\/blogarchitettura.dparch.it\/index.php?rest_route=%2Fwp%2Fv2%2Fcategories&post=356"},{"taxonomy":"post_tag","embeddable":true,"href":"http:\/\/blogarchitettura.dparch.it\/index.php?rest_route=%2Fwp%2Fv2%2Ftags&post=356"}],"curies":[{"name":"wp","href":"https:\/\/api.w.org\/{rel}","templated":true}]}}