{"id":147,"date":"2008-01-05T13:47:16","date_gmt":"2008-01-05T11:47:16","guid":{"rendered":"http:\/\/lnx.blogarchitettura.dparch.it\/?p=147"},"modified":"2012-04-15T15:23:44","modified_gmt":"2012-04-15T13:23:44","slug":"2008","status":"publish","type":"post","link":"http:\/\/blogarchitettura.dparch.it\/?p=147","title":{"rendered":"2008"},"content":{"rendered":"\n<!-- Speed Sense for AdSense WordPress Plugin: https:\/\/wordpress.org\/plugins\/speed-sense\/ -->\n<div id=\"ssp0\" style=\"float:left;margin:10px 10px 10px 0;max-width:970px;width:100%;\">\n<ins class=\"adsbygoogle\" id=\"adsgoogle0\" style=\"display: inline-block; width: 100%; height: 250px\"  data-ad-client=\"ca-pub-5311171795163604\" data-ad-slot=\"7315085349\"><\/ins><script>(adsbygoogle = window.adsbygoogle || []).push({});<\/script>\n<\/div>\n<p><img decoding=\"async\" src=\"\/public\/bandiera_cina.jpg\" alt=\"\" \/><\/p>\n<p style=\"margin-bottom: 0cm;\">Il 2008 inizia con un viaggio, il blog si muove in Cina e per un mese circa racconter\u00e0 l&#8217;achitettura, le impressioni e le citt\u00e0. Sembrerebbe un posto lontano ma in realt\u00e0 credo sia pi\u00f9 vicino di quanto lo si possa immaginare, staremo a vedere. Intanto ho come la sensazione di riportare a casa i miei abiti, la mia macchina fotografica e quasi tutti gli oggetti che ho sopra la pelle. Buon anno e seguitemi, se vorrete.<\/p>\n","protected":false},"excerpt":{"rendered":"<p>Il 2008 inizia con un viaggio, il blog si muove in Cina e per un mese circa racconter\u00e0 l&#8217;achitettura, le impressioni e le citt\u00e0. Sembrerebbe un posto lontano ma in realt\u00e0 credo sia pi\u00f9 vicino di quanto lo si possa immaginare, staremo a vedere. Intanto ho come la sensazione di riportare a casa i miei [&hellip;]<\/p>\n","protected":false},"author":1,"featured_media":0,"comment_status":"open","ping_status":"open","sticky":false,"template":"","format":"standard","meta":[],"categories":[119,5],"tags":[41],"_links":{"self":[{"href":"http:\/\/blogarchitettura.dparch.it\/index.php?rest_route=\/wp\/v2\/posts\/147"}],"collection":[{"href":"http:\/\/blogarchitettura.dparch.it\/index.php?rest_route=\/wp\/v2\/posts"}],"about":[{"href":"http:\/\/blogarchitettura.dparch.it\/index.php?rest_route=\/wp\/v2\/types\/post"}],"author":[{"embeddable":true,"href":"http:\/\/blogarchitettura.dparch.it\/index.php?rest_route=\/wp\/v2\/users\/1"}],"replies":[{"embeddable":true,"href":"http:\/\/blogarchitettura.dparch.it\/index.php?rest_route=%2Fwp%2Fv2%2Fcomments&post=147"}],"version-history":[{"count":2,"href":"http:\/\/blogarchitettura.dparch.it\/index.php?rest_route=\/wp\/v2\/posts\/147\/revisions"}],"predecessor-version":[{"id":972,"href":"http:\/\/blogarchitettura.dparch.it\/index.php?rest_route=\/wp\/v2\/posts\/147\/revisions\/972"}],"wp:attachment":[{"href":"http:\/\/blogarchitettura.dparch.it\/index.php?rest_route=%2Fwp%2Fv2%2Fmedia&parent=147"}],"wp:term":[{"taxonomy":"category","embeddable":true,"href":"http:\/\/blogarchitettura.dparch.it\/index.php?rest_route=%2Fwp%2Fv2%2Fcategories&post=147"},{"taxonomy":"post_tag","embeddable":true,"href":"http:\/\/blogarchitettura.dparch.it\/index.php?rest_route=%2Fwp%2Fv2%2Ftags&post=147"}],"curies":[{"name":"wp","href":"https:\/\/api.w.org\/{rel}","templated":true}]}}